{"id":823,"date":"2022-04-22T10:27:47","date_gmt":"2022-04-22T07:27:47","guid":{"rendered":"https:\/\/rigasfotomenesis.lv\/?p=823"},"modified":"2022-05-09T19:41:26","modified_gmt":"2022-05-09T16:41:26","slug":"riga-photomonth-opening-week","status":"publish","type":"post","link":"https:\/\/rigasfotomenesis.lv\/2022\/news\/2022\/04\/22\/riga-photomonth-opening-week\/","title":{"rendered":"Riga Photomonth Opening Week"},"content":{"rendered":"\n<p>23.05. 19.00 Masa (Alauksta 7A)<br>EL\u012aNA SEMANE<\/p>\n\n\n\n<p>24.05. 18.00 DOM galerija (\u0122ertr\u016bdes 115)<br>IEVA STAL\u0160ENE<\/p>\n\n\n\n<p>24.05. 20.00 Bolder\u0101ja (Avotu 29)<br>EVIJA \u0100BRAMA<\/p>\n\n\n\n<p>25.05 18.00 Smilga (E.Smi\u013c\u0123a 34A)<br>ALEXEI GORDIN<\/p>\n\n\n\n<p>26.05 17.30 M\/Gallery (A.Bri\u0101na 9)<br>ANNA DZ\u0112RVE<\/p>\n\n\n\n<p>26.05 19.00 Tu jau zini kur (Tallinas kvart\u0101ls)<br>DMITRI GERASIMOV \/ TOBIAS KLEIN \/ ENVIJA \/ EL\u012aNA SEMANE \/ LEE CHAPMAN AND MORE (TBC)<\/p>\n\n\n\n<p>26.05. 20.00 Tu jau zini kur (Tallinas kvart\u0101ls)<br>VE\u017dA \/ STABS \/ SV\u0112TE + SECRET GUEST \/ UGUNS<\/p>\n\n\n\n<p>27.05. 18.00 R\u012bgas Augst\u0101k\u0101 galerija (Alberta\/Str\u0113lnieku)<br>LINDA VILKA<\/p>\n\n\n\n<p>27.05. 20.00 Tu jau zini kur (Tallinas kvart\u0101ls)<br>PAULS RAIMONDS \/ BATRA \/ +K+M+B \/ TESA<\/p>\n\n\n\n<p>+<\/p>\n\n\n\n<p>26.05. Riga Last Thursdays &#8211; all places open until 22.00<\/p>\n","protected":false},"excerpt":{"rendered":"<p>Decadence art &#038; music festival opening week program.<\/p>\n","protected":false},"author":3,"featured_media":824,"comment_status":"closed","ping_status":"closed","sticky":false,"template":"","format":"standard","meta":{"footnotes":""},"categories":[1],"tags":[],"class_list":["post-823","post","type-post","status-publish","format-standard","has-post-thumbnail","hentry","category-uncategorized"],"yoast_head":"<!-- This site is optimized with the Yoast SEO plugin v16.1.1 - https:\/\/yoast.com\/wordpress\/plugins\/seo\/ -->\n<title>Riga Photomonth Opening Week - Riga Photomonth 2022<\/title>\n<meta name=\"description\" content=\"Decadence art &amp; music festival opening week program.\" \/>\n<link rel=\"canonical\" href=\"https:\/\/rigasfotomenesis.lv\/2022\/news\/2022\/04\/22\/riga-photomonth-opening-week\/\" \/>\n<meta property=\"og:locale\" content=\"en_US\" \/>\n<meta property=\"og:type\" content=\"article\" \/>\n<meta property=\"og:title\" content=\"Riga Photomonth Opening Week - Riga Photomonth 2022\" \/>\n<meta property=\"og:description\" content=\"Decadence art &amp; music festival opening week program.\" \/>\n<meta property=\"og:url\" content=\"https:\/\/rigasfotomenesis.lv\/2022\/news\/2022\/04\/22\/riga-photomonth-opening-week\/\" \/>\n<meta property=\"og:site_name\" content=\"Riga Photomonth 2022\" \/>\n<meta property=\"article:publisher\" content=\"https:\/\/www.facebook.com\/RigaPhotomonth\" \/>\n<meta property=\"article:published_time\" content=\"2022-04-22T07:27:47+00:00\" \/>\n<meta property=\"article:modified_time\" content=\"2022-05-09T16:41:26+00:00\" \/>\n<meta property=\"og:image\" content=\"https:\/\/rigasfotomenesis.lv\/2022\/wp-content\/uploads\/sites\/3\/2022\/04\/deka-fb-event-1.png\" \/>\n\t<meta property=\"og:image:width\" content=\"1920\" \/>\n\t<meta property=\"og:image:height\" content=\"1005\" \/>\n<meta name=\"twitter:card\" content=\"summary_large_image\" \/>\n<meta name=\"twitter:label1\" content=\"Est. reading time\">\n\t<meta name=\"twitter:data1\" content=\"1 minute\">\n<script type=\"application\/ld+json\" class=\"yoast-schema-graph\">{\"@context\":\"https:\/\/schema.org\",\"@graph\":[{\"@type\":\"Organization\",\"@id\":\"https:\/\/rigasfotomenesis.lv\/2022\/#organization\",\"name\":\"Society \\u201cRiga Photomonth\\u201d\",\"url\":\"https:\/\/rigasfotomenesis.lv\/2022\/\",\"sameAs\":[\"https:\/\/www.facebook.com\/RigaPhotomonth\",\"https:\/\/www.instagram.com\/rigaphotomonth\/\",\"https:\/\/www.youtube.com\/channel\/UC6c5PFSPCWtbaekT7icz3-A\"],\"logo\":{\"@type\":\"ImageObject\",\"@id\":\"https:\/\/rigasfotomenesis.lv\/2022\/#logo\",\"inLanguage\":\"en-US\",\"url\":\"https:\/\/rigasfotomenesis.lv\/wp-content\/uploads\/2021\/03\/logo2021.svg\",\"contentUrl\":\"https:\/\/rigasfotomenesis.lv\/wp-content\/uploads\/2021\/03\/logo2021.svg\",\"width\":70,\"height\":69,\"caption\":\"Society \\u201cRiga Photomonth\\u201d\"},\"image\":{\"@id\":\"https:\/\/rigasfotomenesis.lv\/2022\/#logo\"}},{\"@type\":\"WebSite\",\"@id\":\"https:\/\/rigasfotomenesis.lv\/2022\/#website\",\"url\":\"https:\/\/rigasfotomenesis.lv\/2022\/\",\"name\":\"Riga Photomonth\",\"description\":\"May 23\\u2013June 22\",\"publisher\":{\"@id\":\"https:\/\/rigasfotomenesis.lv\/2022\/#organization\"},\"potentialAction\":[{\"@type\":\"SearchAction\",\"target\":\"https:\/\/rigasfotomenesis.lv\/2022\/?s={search_term_string}\",\"query-input\":\"required name=search_term_string\"}],\"inLanguage\":\"en-US\"},{\"@type\":\"ImageObject\",\"@id\":\"https:\/\/rigasfotomenesis.lv\/2022\/news\/2022\/04\/22\/riga-photomonth-opening-week\/#primaryimage\",\"inLanguage\":\"en-US\",\"url\":\"https:\/\/rigasfotomenesis.lv\/2022\/wp-content\/uploads\/sites\/3\/2022\/04\/deka-fb-event-1.png\",\"contentUrl\":\"https:\/\/rigasfotomenesis.lv\/2022\/wp-content\/uploads\/sites\/3\/2022\/04\/deka-fb-event-1.png\",\"width\":1920,\"height\":1005,\"caption\":\"Decadence opening week\"},{\"@type\":\"WebPage\",\"@id\":\"https:\/\/rigasfotomenesis.lv\/2022\/news\/2022\/04\/22\/riga-photomonth-opening-week\/#webpage\",\"url\":\"https:\/\/rigasfotomenesis.lv\/2022\/news\/2022\/04\/22\/riga-photomonth-opening-week\/\",\"name\":\"Riga Photomonth Opening Week - Riga Photomonth 2022\",\"isPartOf\":{\"@id\":\"https:\/\/rigasfotomenesis.lv\/2022\/#website\"},\"primaryImageOfPage\":{\"@id\":\"https:\/\/rigasfotomenesis.lv\/2022\/news\/2022\/04\/22\/riga-photomonth-opening-week\/#primaryimage\"},\"datePublished\":\"2022-04-22T07:27:47+00:00\",\"dateModified\":\"2022-05-09T16:41:26+00:00\",\"description\":\"Decadence art & music festival opening week program.\",\"breadcrumb\":{\"@id\":\"https:\/\/rigasfotomenesis.lv\/2022\/news\/2022\/04\/22\/riga-photomonth-opening-week\/#breadcrumb\"},\"inLanguage\":\"en-US\",\"potentialAction\":[{\"@type\":\"ReadAction\",\"target\":[\"https:\/\/rigasfotomenesis.lv\/2022\/news\/2022\/04\/22\/riga-photomonth-opening-week\/\"]}]},{\"@type\":\"BreadcrumbList\",\"@id\":\"https:\/\/rigasfotomenesis.lv\/2022\/news\/2022\/04\/22\/riga-photomonth-opening-week\/#breadcrumb\",\"itemListElement\":[{\"@type\":\"ListItem\",\"position\":1,\"item\":{\"@type\":\"WebPage\",\"@id\":\"https:\/\/rigasfotomenesis.lv\/2022\/\",\"url\":\"https:\/\/rigasfotomenesis.lv\/2022\/\",\"name\":\"Home\"}},{\"@type\":\"ListItem\",\"position\":2,\"item\":{\"@type\":\"WebPage\",\"@id\":\"https:\/\/rigasfotomenesis.lv\/2022\/news\/2022\/04\/22\/riga-photomonth-opening-week\/\",\"url\":\"https:\/\/rigasfotomenesis.lv\/2022\/news\/2022\/04\/22\/riga-photomonth-opening-week\/\",\"name\":\"Riga Photomonth Opening Week\"}}]},{\"@type\":\"Article\",\"@id\":\"https:\/\/rigasfotomenesis.lv\/2022\/news\/2022\/04\/22\/riga-photomonth-opening-week\/#article\",\"isPartOf\":{\"@id\":\"https:\/\/rigasfotomenesis.lv\/2022\/news\/2022\/04\/22\/riga-photomonth-opening-week\/#webpage\"},\"author\":{\"@id\":\"https:\/\/rigasfotomenesis.lv\/2022\/#\/schema\/person\/4fbfc596b78b12214a77907f56f623b3\"},\"headline\":\"Riga Photomonth Opening Week\",\"datePublished\":\"2022-04-22T07:27:47+00:00\",\"dateModified\":\"2022-05-09T16:41:26+00:00\",\"mainEntityOfPage\":{\"@id\":\"https:\/\/rigasfotomenesis.lv\/2022\/news\/2022\/04\/22\/riga-photomonth-opening-week\/#webpage\"},\"publisher\":{\"@id\":\"https:\/\/rigasfotomenesis.lv\/2022\/#organization\"},\"image\":{\"@id\":\"https:\/\/rigasfotomenesis.lv\/2022\/news\/2022\/04\/22\/riga-photomonth-opening-week\/#primaryimage\"},\"inLanguage\":\"en-US\"},{\"@type\":\"Person\",\"@id\":\"https:\/\/rigasfotomenesis.lv\/2022\/#\/schema\/person\/4fbfc596b78b12214a77907f56f623b3\",\"name\":\"arnis\",\"image\":{\"@type\":\"ImageObject\",\"@id\":\"https:\/\/rigasfotomenesis.lv\/2022\/#personlogo\",\"inLanguage\":\"en-US\",\"url\":\"https:\/\/secure.gravatar.com\/avatar\/80899b2a8ebbbd6ae49353d7e2454c5bd75112808d6399b8fef4e7e53cd7a1bc?s=96&d=mm&r=g\",\"contentUrl\":\"https:\/\/secure.gravatar.com\/avatar\/80899b2a8ebbbd6ae49353d7e2454c5bd75112808d6399b8fef4e7e53cd7a1bc?s=96&d=mm&r=g\",\"caption\":\"arnis\"}}]}<\/script>\n<!-- \/ Yoast SEO plugin. -->","_links":{"self":[{"href":"https:\/\/rigasfotomenesis.lv\/2022\/wp-json\/wp\/v2\/posts\/823","targetHints":{"allow":["GET"]}}],"collection":[{"href":"https:\/\/rigasfotomenesis.lv\/2022\/wp-json\/wp\/v2\/posts"}],"about":[{"href":"https:\/\/rigasfotomenesis.lv\/2022\/wp-json\/wp\/v2\/types\/post"}],"author":[{"embeddable":true,"href":"https:\/\/rigasfotomenesis.lv\/2022\/wp-json\/wp\/v2\/users\/3"}],"replies":[{"embeddable":true,"href":"https:\/\/rigasfotomenesis.lv\/2022\/wp-json\/wp\/v2\/comments?post=823"}],"version-history":[{"count":2,"href":"https:\/\/rigasfotomenesis.lv\/2022\/wp-json\/wp\/v2\/posts\/823\/revisions"}],"predecessor-version":[{"id":876,"href":"https:\/\/rigasfotomenesis.lv\/2022\/wp-json\/wp\/v2\/posts\/823\/revisions\/876"}],"wp:featuredmedia":[{"embeddable":true,"href":"https:\/\/rigasfotomenesis.lv\/2022\/wp-json\/wp\/v2\/media\/824"}],"wp:attachment":[{"href":"https:\/\/rigasfotomenesis.lv\/2022\/wp-json\/wp\/v2\/media?parent=823"}],"wp:term":[{"taxonomy":"category","embeddable":true,"href":"https:\/\/rigasfotomenesis.lv\/2022\/wp-json\/wp\/v2\/categories?post=823"},{"taxonomy":"post_tag","embeddable":true,"href":"https:\/\/rigasfotomenesis.lv\/2022\/wp-json\/wp\/v2\/tags?post=823"}],"curies":[{"name":"wp","href":"https:\/\/api.w.org\/{rel}","templated":true}]}}